{"id":25,"date":"2009-09-11T20:31:37","date_gmt":"2009-09-11T18:31:37","guid":{"rendered":"http:\/\/www.bellezaencasa.es\/?p=25"},"modified":"2009-09-11T20:44:59","modified_gmt":"2009-09-11T18:44:59","slug":"los-adictos-al-sol-tienen-un-75-mas-de-posibilidades-de-tener-cancer-de-piel","status":"publish","type":"post","link":"https:\/\/www.bellezaencasa.es\/?p=25","title":{"rendered":"Los adictos al sol tienen un 75% m\u00e1s de posibilidades de tener c\u00e1ncer de piel"},"content":{"rendered":"<p>Las personas adictas al bronceado (tanorexia) tienen un 75 por ciento m\u00e1s de posibilidades de padecer un c\u00e1ncer de piel debido a la necesidad constante de estar siempre tomando el sol no s\u00f3lo en verano, sino tambi\u00e9n en invierno o a trav\u00e9s de los rayos UVA, informa EFE<\/p>\n<p><img loading=\"lazy\" decoding=\"async\" class=\"alignleft size-full wp-image-35\" title=\"foto-rayos-uva\" src=\"http:\/\/www.bellezaencasa.es\/wp-content\/uploads\/foto-rayos-uva.jpg\" alt=\"foto-rayos-uva\" width=\"150\" height=\"199\" \/><\/p>\n<p>As\u00ed lo ha manifestado a Efe el dermat\u00f3logo Rafael Gim\u00e9nez Puya, quien ha afirmado que este tipo de adicci\u00f3n \u00abes muy probable que genere un melanoma\u00bb y ha explicado que en su desarrollo intervienen factores psicol\u00f3gicos y biol\u00f3gicos, ya que est\u00e1 adicci\u00f3n est\u00e1 sustentada por prote\u00ednas del cerebro (endorfinas) que se segregan cuando se produce una sensaci\u00f3n de placer y descanso, es decir, \u00abcuando se est\u00e1 a gusto\u00bb.<\/p>\n<p>Para Gim\u00e9nez Puya, la terapia de una persona tanor\u00e9xica empieza por \u00abreconocer que se tiene esta adicci\u00f3n\u00bb y contin\u00faa estableciendo un tratamiento psicol\u00f3gico que le permita hacerse consciente de los riesgos que tiene tomar el sol sin precauci\u00f3n.<\/p>\n<p>Esta adicci\u00f3n \u00abes muy probable que genere un melanoma\u00bb y est\u00e1 sustentada por prote\u00ednas del cerebro (endorfinas) que se segregan cuando se produce una sensaci\u00f3n de placer y descanso<\/p>\n<p>Ha explicado adem\u00e1s que una persona tanor\u00e9xica busca tomar el sol en las horas en las que \u00e9ste hace m\u00e1s da\u00f1o, pero su adicci\u00f3n es tal que llega a sobrepasar la \u00e9poca estival deseando mantener el bronceado tambi\u00e9n en invierno y para ello usa de forma abusiva las cabinas de rayos UVA.<\/p>\n<p>En este sentido, el dermat\u00f3logo ha expresado su \u00absatisfacci\u00f3n\u00bb por el hecho de que se haya reconocido la peligrosidad de las cabinas de rayos UVA, algo que ha supuesto \u00abuna larga lucha\u00bb para hacer ver que no se interpone nada entre los rayos UVA y la piel.<\/p>\n<p>Por su parte, la presidenta de la Asociaci\u00f3n Espa\u00f1ola contra el C\u00e1ncer (AECC) en C\u00f3rdoba, Mar\u00eda Luisa Cobos, ha expresado que tomar el sol con la medida adecuada y en las horas recomendadas \u00abno es ning\u00fan s\u00edntoma de tanorexia\u00bb y tampoco \u00abson negativos los rayos UVA si son controlados para medicaci\u00f3n y enfermedades como la soriasis\u00bb. No obstante, ha recomendado que se utilicen estas cabinas en centros controlados y homologados, pero \u00abno en cualquier peluquer\u00eda\u00bb.<\/p>\n<p>Fuente: <a href=\"http:\/\/www.soitu.es\/soitu\/2009\/08\/09\/info\/1249827694_977258.html\">Soytu<\/a><\/p>\n","protected":false},"excerpt":{"rendered":"<p>Las personas adictas al bronceado (tanorexia) tienen un 75 por ciento m\u00e1s de posibilidades de padecer un c\u00e1ncer de piel debido a la necesidad constante de estar siempre tomando el sol no s\u00f3lo en verano, sino tambi\u00e9n en invierno o a trav\u00e9s de los rayos UVA, informa EFE As\u00ed lo ha manifestado a Efe el [&hellip;]<\/p>\n","protected":false},"author":3,"featured_media":0,"comment_status":"open","ping_status":"open","sticky":false,"template":"","format":"standard","meta":{"footnotes":""},"categories":[1],"tags":[9,19,21,17,11],"_links":{"self":[{"href":"https:\/\/www.bellezaencasa.es\/index.php?rest_route=\/wp\/v2\/posts\/25"}],"collection":[{"href":"https:\/\/www.bellezaencasa.es\/index.php?rest_route=\/wp\/v2\/posts"}],"about":[{"href":"https:\/\/www.bellezaencasa.es\/index.php?rest_route=\/wp\/v2\/types\/post"}],"author":[{"embeddable":true,"href":"https:\/\/www.bellezaencasa.es\/index.php?rest_route=\/wp\/v2\/users\/3"}],"replies":[{"embeddable":true,"href":"https:\/\/www.bellezaencasa.es\/index.php?rest_route=%2Fwp%2Fv2%2Fcomments&post=25"}],"version-history":[{"count":6,"href":"https:\/\/www.bellezaencasa.es\/index.php?rest_route=\/wp\/v2\/posts\/25\/revisions"}],"predecessor-version":[{"id":29,"href":"https:\/\/www.bellezaencasa.es\/index.php?rest_route=\/wp\/v2\/posts\/25\/revisions\/29"}],"wp:attachment":[{"href":"https:\/\/www.bellezaencasa.es\/index.php?rest_route=%2Fwp%2Fv2%2Fmedia&parent=25"}],"wp:term":[{"taxonomy":"category","embeddable":true,"href":"https:\/\/www.bellezaencasa.es\/index.php?rest_route=%2Fwp%2Fv2%2Fcategories&post=25"},{"taxonomy":"post_tag","embeddable":true,"href":"https:\/\/www.bellezaencasa.es\/index.php?rest_route=%2Fwp%2Fv2%2Ftags&post=25"}],"curies":[{"name":"wp","href":"https:\/\/api.w.org\/{rel}","templated":true}]}}